{"id":3048,"date":"2020-06-27T19:00:54","date_gmt":"2020-06-27T18:00:54","guid":{"rendered":"https:\/\/www.kaktusmichel.de\/Kaktusnews\/?p=3048"},"modified":"2021-10-11T05:45:02","modified_gmt":"2021-10-11T04:45:02","slug":"nachruf","status":"publish","type":"post","link":"https:\/\/www.kaktusmichel.de\/Kaktusnews\/nachruf\/","title":{"rendered":"Nachruf"},"content":{"rendered":"<p><span style=\"font-family: Arial, sans-serif; font-size: 14pt;\">Mit gro\u00dfer Trauer nahmen Helga und ich Abschied von Dieter Andreae, der nach einem erf\u00fcllten und arbeitsreichen Leben am 23. Juni 2020 im Alter von 91 Jahren verstorben ist.<\/span><\/p>\n<p><span style=\"font-family: Arial, sans-serif; font-size: 14pt;\">Dieter Andreae \u00fcbergab mir seine G\u00e4rtnerei 2004, die ich 16 Jahre auch in seinem Interesse weiterf\u00fchren konnte.<\/span><\/p>\n<p><span style=\"font-family: Arial, sans-serif; font-size: 14pt;\">Nie stand er im Vordergrund, mochte nicht die gro\u00dfe B\u00fchne. Er agierte stets im stillen aber dennoch immer humorvoll, pr\u00e4sent und aufmerksam.<\/span><\/p>\n<p><span style=\"font-family: Arial, sans-serif;\"><span style=\"font-size: 14pt;\">Sein Leben und Wirken zu w\u00fcrdigen ist fast unm\u00f6glich \u2013 von den Anf\u00e4ngen in Bensheim, wo er die v\u00e4terliche Sammlung \u00fcbernahm, bis hin zur weithin bekannten G\u00e4rtnerei am Fu\u00dfe des Otzberg ist der Name Andreae untrennbar mit unserem Hobby den Kakteen und anderen Sukkulenten verbunden.<\/span><\/span><\/p>\n<p><img loading=\"lazy\" decoding=\"async\" class=\"alignnone size-full wp-image-3049\" src=\"https:\/\/www.kaktusmichel.de\/Kaktusnews\/wp-content\/uploads\/2020\/06\/Dieter_Andreae.jpg\" alt=\"\" width=\"896\" height=\"949\" srcset=\"https:\/\/www.kaktusmichel.de\/Kaktusnews\/wp-content\/uploads\/2020\/06\/Dieter_Andreae.jpg 896w, https:\/\/www.kaktusmichel.de\/Kaktusnews\/wp-content\/uploads\/2020\/06\/Dieter_Andreae-283x300.jpg 283w, https:\/\/www.kaktusmichel.de\/Kaktusnews\/wp-content\/uploads\/2020\/06\/Dieter_Andreae-768x813.jpg 768w\" sizes=\"auto, (max-width: 896px) 100vw, 896px\" \/><\/p>\n<p><span style=\"font-family: Arial, sans-serif; font-size: 14pt;\">Wie schon sein Vater, Wilhelm Andreae, war Dieter Andreae in Fachkreisen bestens bekannt und gesch\u00e4tzt, u.a. benannte Prof. Rauh eine von ihm entdeckte Pflanze aus Kenia ihm zu Ehren: Duvalia andreaeana.<\/span><\/p>\n<p><span style=\"font-family: Arial, sans-serif; font-size: 14pt;\">Dieter Andreae hat einen festen Platz in unserer Erinnerung, vor allem aber in unseren Herzen \u2013 wir verlieren mit ihm nicht nur einen exzellenten Sukkulentenkenner, sondern vor allem einen aufrichtigen Freund. Unser Mitgef\u00fchl gilt seiner Familie, vor allem seiner Frau Gerdi, die gerade in seinem letzten Lebensabschnitt nicht von seiner Seite gewichen ist.<\/span><\/p>\n<p><span style=\"font-family: Arial, sans-serif; font-size: 14pt;\">Er verstarb in heimischer Umgebung, in Sichtweite seiner geliebten Kakteen und Sukkulenten.<\/span><\/p>\n","protected":false},"excerpt":{"rendered":"<p>Mit gro\u00dfer Trauer nahmen Helga und ich Abschied von Dieter Andreae, der nach einem erf\u00fcllten und arbeitsreichen Leben am 23. Juni 2020 im Alter von 91 Jahren verstorben ist. Dieter &hellip; <\/p>\n","protected":false},"author":1,"featured_media":3051,"comment_status":"open","ping_status":"open","sticky":false,"template":"","format":"standard","meta":{"footnotes":""},"categories":[1],"tags":[245,246],"class_list":["post-3048","post","type-post","status-publish","format-standard","has-post-thumbnail","hentry","category-allgemein","tag-dieter-andreae","tag-nachruf"],"yoast_head":"<!-- This site is optimized with the Yoast SEO plugin v27.3 - https:\/\/yoast.com\/product\/yoast-seo-wordpress\/ -->\n<title>Nachruf - KAKTUSNEWS und andere Hobbys<\/title>\n<meta name=\"description\" content=\"Mit gro\u00dfer Trauer nahmen Helga und ich Abschied von Dieter Andreae der mit 91 Jahren verstorben ist.\" \/>\n<meta name=\"robots\" content=\"index, follow, max-snippet:-1, max-image-preview:large, max-video-preview:-1\" \/>\n<link rel=\"canonical\" href=\"https:\/\/www.kaktusmichel.de\/Kaktusnews\/nachruf\/\" \/>\n<meta property=\"og:locale\" content=\"de_DE\" \/>\n<meta property=\"og:type\" content=\"article\" \/>\n<meta property=\"og:title\" content=\"Nachruf - KAKTUSNEWS und andere Hobbys\" \/>\n<meta property=\"og:description\" content=\"Mit gro\u00dfer Trauer nahmen Helga und ich Abschied von Dieter Andreae der mit 91 Jahren verstorben ist.\" \/>\n<meta property=\"og:url\" content=\"https:\/\/www.kaktusmichel.de\/Kaktusnews\/nachruf\/\" \/>\n<meta property=\"og:site_name\" content=\"KAKTUSNEWS und andere Hobbys\" \/>\n<meta property=\"article:published_time\" content=\"2020-06-27T18:00:54+00:00\" \/>\n<meta property=\"article:modified_time\" content=\"2021-10-11T04:45:02+00:00\" \/>\n<meta property=\"og:image\" content=\"https:\/\/www.kaktusmichel.de\/Kaktusnews\/wp-content\/uploads\/2020\/06\/Trauer.jpg\" \/>\n\t<meta property=\"og:image:width\" content=\"750\" \/>\n\t<meta property=\"og:image:height\" content=\"496\" \/>\n\t<meta property=\"og:image:type\" content=\"image\/jpeg\" \/>\n<meta name=\"author\" content=\"Kaktusmichel\" \/>\n<meta name=\"twitter:card\" content=\"summary_large_image\" \/>\n<meta name=\"twitter:label1\" content=\"Verfasst von\" \/>\n\t<meta name=\"twitter:data1\" content=\"Kaktusmichel\" \/>\n\t<meta name=\"twitter:label2\" content=\"Gesch\u00e4tzte Lesezeit\" \/>\n\t<meta name=\"twitter:data2\" content=\"1\u00a0Minute\" \/>\n<script type=\"application\/ld+json\" class=\"yoast-schema-graph\">{\"@context\":\"https:\\\/\\\/schema.org\",\"@graph\":[{\"@type\":\"Article\",\"@id\":\"https:\\\/\\\/www.kaktusmichel.de\\\/Kaktusnews\\\/nachruf\\\/#article\",\"isPartOf\":{\"@id\":\"https:\\\/\\\/www.kaktusmichel.de\\\/Kaktusnews\\\/nachruf\\\/\"},\"author\":{\"name\":\"Kaktusmichel\",\"@id\":\"https:\\\/\\\/www.kaktusmichel.de\\\/Kaktusnews\\\/#\\\/schema\\\/person\\\/504467a53294f6fe26d2f94251972322\"},\"headline\":\"Nachruf\",\"datePublished\":\"2020-06-27T18:00:54+00:00\",\"dateModified\":\"2021-10-11T04:45:02+00:00\",\"mainEntityOfPage\":{\"@id\":\"https:\\\/\\\/www.kaktusmichel.de\\\/Kaktusnews\\\/nachruf\\\/\"},\"wordCount\":219,\"commentCount\":1,\"publisher\":{\"@id\":\"https:\\\/\\\/www.kaktusmichel.de\\\/Kaktusnews\\\/#organization\"},\"image\":{\"@id\":\"https:\\\/\\\/www.kaktusmichel.de\\\/Kaktusnews\\\/nachruf\\\/#primaryimage\"},\"thumbnailUrl\":\"https:\\\/\\\/www.kaktusmichel.de\\\/Kaktusnews\\\/wp-content\\\/uploads\\\/2020\\\/06\\\/Trauer.jpg\",\"keywords\":[\"Dieter Andreae\",\"Nachruf\"],\"inLanguage\":\"de\",\"potentialAction\":[{\"@type\":\"CommentAction\",\"name\":\"Comment\",\"target\":[\"https:\\\/\\\/www.kaktusmichel.de\\\/Kaktusnews\\\/nachruf\\\/#respond\"]}]},{\"@type\":\"WebPage\",\"@id\":\"https:\\\/\\\/www.kaktusmichel.de\\\/Kaktusnews\\\/nachruf\\\/\",\"url\":\"https:\\\/\\\/www.kaktusmichel.de\\\/Kaktusnews\\\/nachruf\\\/\",\"name\":\"Nachruf - KAKTUSNEWS und andere Hobbys\",\"isPartOf\":{\"@id\":\"https:\\\/\\\/www.kaktusmichel.de\\\/Kaktusnews\\\/#website\"},\"primaryImageOfPage\":{\"@id\":\"https:\\\/\\\/www.kaktusmichel.de\\\/Kaktusnews\\\/nachruf\\\/#primaryimage\"},\"image\":{\"@id\":\"https:\\\/\\\/www.kaktusmichel.de\\\/Kaktusnews\\\/nachruf\\\/#primaryimage\"},\"thumbnailUrl\":\"https:\\\/\\\/www.kaktusmichel.de\\\/Kaktusnews\\\/wp-content\\\/uploads\\\/2020\\\/06\\\/Trauer.jpg\",\"datePublished\":\"2020-06-27T18:00:54+00:00\",\"dateModified\":\"2021-10-11T04:45:02+00:00\",\"description\":\"Mit gro\u00dfer Trauer nahmen Helga und ich Abschied von Dieter Andreae der mit 91 Jahren verstorben ist.\",\"breadcrumb\":{\"@id\":\"https:\\\/\\\/www.kaktusmichel.de\\\/Kaktusnews\\\/nachruf\\\/#breadcrumb\"},\"inLanguage\":\"de\",\"potentialAction\":[{\"@type\":\"ReadAction\",\"target\":[\"https:\\\/\\\/www.kaktusmichel.de\\\/Kaktusnews\\\/nachruf\\\/\"]}]},{\"@type\":\"ImageObject\",\"inLanguage\":\"de\",\"@id\":\"https:\\\/\\\/www.kaktusmichel.de\\\/Kaktusnews\\\/nachruf\\\/#primaryimage\",\"url\":\"https:\\\/\\\/www.kaktusmichel.de\\\/Kaktusnews\\\/wp-content\\\/uploads\\\/2020\\\/06\\\/Trauer.jpg\",\"contentUrl\":\"https:\\\/\\\/www.kaktusmichel.de\\\/Kaktusnews\\\/wp-content\\\/uploads\\\/2020\\\/06\\\/Trauer.jpg\",\"width\":750,\"height\":496},{\"@type\":\"BreadcrumbList\",\"@id\":\"https:\\\/\\\/www.kaktusmichel.de\\\/Kaktusnews\\\/nachruf\\\/#breadcrumb\",\"itemListElement\":[{\"@type\":\"ListItem\",\"position\":1,\"name\":\"Startseite\",\"item\":\"https:\\\/\\\/www.kaktusmichel.de\\\/Kaktusnews\\\/\"},{\"@type\":\"ListItem\",\"position\":2,\"name\":\"Nachruf\"}]},{\"@type\":\"WebSite\",\"@id\":\"https:\\\/\\\/www.kaktusmichel.de\\\/Kaktusnews\\\/#website\",\"url\":\"https:\\\/\\\/www.kaktusmichel.de\\\/Kaktusnews\\\/\",\"name\":\"KAKTUSNEWS\",\"description\":\"Infos nicht nur \u00fcber Kakteen\",\"publisher\":{\"@id\":\"https:\\\/\\\/www.kaktusmichel.de\\\/Kaktusnews\\\/#organization\"},\"potentialAction\":[{\"@type\":\"SearchAction\",\"target\":{\"@type\":\"EntryPoint\",\"urlTemplate\":\"https:\\\/\\\/www.kaktusmichel.de\\\/Kaktusnews\\\/?s={search_term_string}\"},\"query-input\":{\"@type\":\"PropertyValueSpecification\",\"valueRequired\":true,\"valueName\":\"search_term_string\"}}],\"inLanguage\":\"de\"},{\"@type\":\"Organization\",\"@id\":\"https:\\\/\\\/www.kaktusmichel.de\\\/Kaktusnews\\\/#organization\",\"name\":\"Andreae Kakteenkulturen\",\"url\":\"https:\\\/\\\/www.kaktusmichel.de\\\/Kaktusnews\\\/\",\"logo\":{\"@type\":\"ImageObject\",\"inLanguage\":\"de\",\"@id\":\"https:\\\/\\\/www.kaktusmichel.de\\\/Kaktusnews\\\/#\\\/schema\\\/logo\\\/image\\\/\",\"url\":\"https:\\\/\\\/www.kaktusmichel.de\\\/Kaktusnews\\\/wp-content\\\/uploads\\\/2018\\\/02\\\/Logo.jpg\",\"contentUrl\":\"https:\\\/\\\/www.kaktusmichel.de\\\/Kaktusnews\\\/wp-content\\\/uploads\\\/2018\\\/02\\\/Logo.jpg\",\"width\":140,\"height\":40,\"caption\":\"Andreae Kakteenkulturen\"},\"image\":{\"@id\":\"https:\\\/\\\/www.kaktusmichel.de\\\/Kaktusnews\\\/#\\\/schema\\\/logo\\\/image\\\/\"}},{\"@type\":\"Person\",\"@id\":\"https:\\\/\\\/www.kaktusmichel.de\\\/Kaktusnews\\\/#\\\/schema\\\/person\\\/504467a53294f6fe26d2f94251972322\",\"name\":\"Kaktusmichel\",\"image\":{\"@type\":\"ImageObject\",\"inLanguage\":\"de\",\"@id\":\"https:\\\/\\\/secure.gravatar.com\\\/avatar\\\/f1d5f1c346518e6088098019cabba54da322625f761e5035e32bfcb531c421c1?s=96&d=mm&r=g\",\"url\":\"https:\\\/\\\/secure.gravatar.com\\\/avatar\\\/f1d5f1c346518e6088098019cabba54da322625f761e5035e32bfcb531c421c1?s=96&d=mm&r=g\",\"contentUrl\":\"https:\\\/\\\/secure.gravatar.com\\\/avatar\\\/f1d5f1c346518e6088098019cabba54da322625f761e5035e32bfcb531c421c1?s=96&d=mm&r=g\",\"caption\":\"Kaktusmichel\"},\"sameAs\":[\"http:\\\/\\\/www.kaktusmichel.de\"]}]}<\/script>\n<!-- \/ Yoast SEO plugin. -->","yoast_head_json":{"title":"Nachruf - KAKTUSNEWS und andere Hobbys","description":"Mit gro\u00dfer Trauer nahmen Helga und ich Abschied von Dieter Andreae der mit 91 Jahren verstorben ist.","robots":{"index":"index","follow":"follow","max-snippet":"max-snippet:-1","max-image-preview":"max-image-preview:large","max-video-preview":"max-video-preview:-1"},"canonical":"https:\/\/www.kaktusmichel.de\/Kaktusnews\/nachruf\/","og_locale":"de_DE","og_type":"article","og_title":"Nachruf - KAKTUSNEWS und andere Hobbys","og_description":"Mit gro\u00dfer Trauer nahmen Helga und ich Abschied von Dieter Andreae der mit 91 Jahren verstorben ist.","og_url":"https:\/\/www.kaktusmichel.de\/Kaktusnews\/nachruf\/","og_site_name":"KAKTUSNEWS und andere Hobbys","article_published_time":"2020-06-27T18:00:54+00:00","article_modified_time":"2021-10-11T04:45:02+00:00","og_image":[{"width":750,"height":496,"url":"https:\/\/www.kaktusmichel.de\/Kaktusnews\/wp-content\/uploads\/2020\/06\/Trauer.jpg","type":"image\/jpeg"}],"author":"Kaktusmichel","twitter_card":"summary_large_image","twitter_misc":{"Verfasst von":"Kaktusmichel","Gesch\u00e4tzte Lesezeit":"1\u00a0Minute"},"schema":{"@context":"https:\/\/schema.org","@graph":[{"@type":"Article","@id":"https:\/\/www.kaktusmichel.de\/Kaktusnews\/nachruf\/#article","isPartOf":{"@id":"https:\/\/www.kaktusmichel.de\/Kaktusnews\/nachruf\/"},"author":{"name":"Kaktusmichel","@id":"https:\/\/www.kaktusmichel.de\/Kaktusnews\/#\/schema\/person\/504467a53294f6fe26d2f94251972322"},"headline":"Nachruf","datePublished":"2020-06-27T18:00:54+00:00","dateModified":"2021-10-11T04:45:02+00:00","mainEntityOfPage":{"@id":"https:\/\/www.kaktusmichel.de\/Kaktusnews\/nachruf\/"},"wordCount":219,"commentCount":1,"publisher":{"@id":"https:\/\/www.kaktusmichel.de\/Kaktusnews\/#organization"},"image":{"@id":"https:\/\/www.kaktusmichel.de\/Kaktusnews\/nachruf\/#primaryimage"},"thumbnailUrl":"https:\/\/www.kaktusmichel.de\/Kaktusnews\/wp-content\/uploads\/2020\/06\/Trauer.jpg","keywords":["Dieter Andreae","Nachruf"],"inLanguage":"de","potentialAction":[{"@type":"CommentAction","name":"Comment","target":["https:\/\/www.kaktusmichel.de\/Kaktusnews\/nachruf\/#respond"]}]},{"@type":"WebPage","@id":"https:\/\/www.kaktusmichel.de\/Kaktusnews\/nachruf\/","url":"https:\/\/www.kaktusmichel.de\/Kaktusnews\/nachruf\/","name":"Nachruf - KAKTUSNEWS und andere Hobbys","isPartOf":{"@id":"https:\/\/www.kaktusmichel.de\/Kaktusnews\/#website"},"primaryImageOfPage":{"@id":"https:\/\/www.kaktusmichel.de\/Kaktusnews\/nachruf\/#primaryimage"},"image":{"@id":"https:\/\/www.kaktusmichel.de\/Kaktusnews\/nachruf\/#primaryimage"},"thumbnailUrl":"https:\/\/www.kaktusmichel.de\/Kaktusnews\/wp-content\/uploads\/2020\/06\/Trauer.jpg","datePublished":"2020-06-27T18:00:54+00:00","dateModified":"2021-10-11T04:45:02+00:00","description":"Mit gro\u00dfer Trauer nahmen Helga und ich Abschied von Dieter Andreae der mit 91 Jahren verstorben ist.","breadcrumb":{"@id":"https:\/\/www.kaktusmichel.de\/Kaktusnews\/nachruf\/#breadcrumb"},"inLanguage":"de","potentialAction":[{"@type":"ReadAction","target":["https:\/\/www.kaktusmichel.de\/Kaktusnews\/nachruf\/"]}]},{"@type":"ImageObject","inLanguage":"de","@id":"https:\/\/www.kaktusmichel.de\/Kaktusnews\/nachruf\/#primaryimage","url":"https:\/\/www.kaktusmichel.de\/Kaktusnews\/wp-content\/uploads\/2020\/06\/Trauer.jpg","contentUrl":"https:\/\/www.kaktusmichel.de\/Kaktusnews\/wp-content\/uploads\/2020\/06\/Trauer.jpg","width":750,"height":496},{"@type":"BreadcrumbList","@id":"https:\/\/www.kaktusmichel.de\/Kaktusnews\/nachruf\/#breadcrumb","itemListElement":[{"@type":"ListItem","position":1,"name":"Startseite","item":"https:\/\/www.kaktusmichel.de\/Kaktusnews\/"},{"@type":"ListItem","position":2,"name":"Nachruf"}]},{"@type":"WebSite","@id":"https:\/\/www.kaktusmichel.de\/Kaktusnews\/#website","url":"https:\/\/www.kaktusmichel.de\/Kaktusnews\/","name":"KAKTUSNEWS","description":"Infos nicht nur \u00fcber Kakteen","publisher":{"@id":"https:\/\/www.kaktusmichel.de\/Kaktusnews\/#organization"},"potentialAction":[{"@type":"SearchAction","target":{"@type":"EntryPoint","urlTemplate":"https:\/\/www.kaktusmichel.de\/Kaktusnews\/?s={search_term_string}"},"query-input":{"@type":"PropertyValueSpecification","valueRequired":true,"valueName":"search_term_string"}}],"inLanguage":"de"},{"@type":"Organization","@id":"https:\/\/www.kaktusmichel.de\/Kaktusnews\/#organization","name":"Andreae Kakteenkulturen","url":"https:\/\/www.kaktusmichel.de\/Kaktusnews\/","logo":{"@type":"ImageObject","inLanguage":"de","@id":"https:\/\/www.kaktusmichel.de\/Kaktusnews\/#\/schema\/logo\/image\/","url":"https:\/\/www.kaktusmichel.de\/Kaktusnews\/wp-content\/uploads\/2018\/02\/Logo.jpg","contentUrl":"https:\/\/www.kaktusmichel.de\/Kaktusnews\/wp-content\/uploads\/2018\/02\/Logo.jpg","width":140,"height":40,"caption":"Andreae Kakteenkulturen"},"image":{"@id":"https:\/\/www.kaktusmichel.de\/Kaktusnews\/#\/schema\/logo\/image\/"}},{"@type":"Person","@id":"https:\/\/www.kaktusmichel.de\/Kaktusnews\/#\/schema\/person\/504467a53294f6fe26d2f94251972322","name":"Kaktusmichel","image":{"@type":"ImageObject","inLanguage":"de","@id":"https:\/\/secure.gravatar.com\/avatar\/f1d5f1c346518e6088098019cabba54da322625f761e5035e32bfcb531c421c1?s=96&d=mm&r=g","url":"https:\/\/secure.gravatar.com\/avatar\/f1d5f1c346518e6088098019cabba54da322625f761e5035e32bfcb531c421c1?s=96&d=mm&r=g","contentUrl":"https:\/\/secure.gravatar.com\/avatar\/f1d5f1c346518e6088098019cabba54da322625f761e5035e32bfcb531c421c1?s=96&d=mm&r=g","caption":"Kaktusmichel"},"sameAs":["http:\/\/www.kaktusmichel.de"]}]}},"_links":{"self":[{"href":"https:\/\/www.kaktusmichel.de\/Kaktusnews\/wp-json\/wp\/v2\/posts\/3048","targetHints":{"allow":["GET"]}}],"collection":[{"href":"https:\/\/www.kaktusmichel.de\/Kaktusnews\/wp-json\/wp\/v2\/posts"}],"about":[{"href":"https:\/\/www.kaktusmichel.de\/Kaktusnews\/wp-json\/wp\/v2\/types\/post"}],"author":[{"embeddable":true,"href":"https:\/\/www.kaktusmichel.de\/Kaktusnews\/wp-json\/wp\/v2\/users\/1"}],"replies":[{"embeddable":true,"href":"https:\/\/www.kaktusmichel.de\/Kaktusnews\/wp-json\/wp\/v2\/comments?post=3048"}],"version-history":[{"count":0,"href":"https:\/\/www.kaktusmichel.de\/Kaktusnews\/wp-json\/wp\/v2\/posts\/3048\/revisions"}],"wp:featuredmedia":[{"embeddable":true,"href":"https:\/\/www.kaktusmichel.de\/Kaktusnews\/wp-json\/wp\/v2\/media\/3051"}],"wp:attachment":[{"href":"https:\/\/www.kaktusmichel.de\/Kaktusnews\/wp-json\/wp\/v2\/media?parent=3048"}],"wp:term":[{"taxonomy":"category","embeddable":true,"href":"https:\/\/www.kaktusmichel.de\/Kaktusnews\/wp-json\/wp\/v2\/categories?post=3048"},{"taxonomy":"post_tag","embeddable":true,"href":"https:\/\/www.kaktusmichel.de\/Kaktusnews\/wp-json\/wp\/v2\/tags?post=3048"}],"curies":[{"name":"wp","href":"https:\/\/api.w.org\/{rel}","templated":true}]}}